{"id":5864,"date":"2021-06-02T16:07:54","date_gmt":"2021-06-02T22:07:54","guid":{"rendered":"https:\/\/futurosposibles.mx\/?p=5864"},"modified":"2021-12-18T19:01:10","modified_gmt":"2021-12-18T19:01:10","slug":"prepa-la-salle-descubre-todo-de-lo-que-eres-capaz","status":"publish","type":"post","link":"https:\/\/gestoresdelatransformacion.com\/V01\/prepa-la-salle-descubre-todo-de-lo-que-eres-capaz\/","title":{"rendered":"Prepa La Salle: descubre todo de lo que eres capaz"},"content":{"rendered":"\t\t<div data-elementor-type=\"wp-post\" data-elementor-id=\"5864\" class=\"elementor elementor-5864\">\n\t\t\t\t\t\t<section class=\"elementor-section elementor-top-section elementor-element elementor-element-28645c6 elementor-section-boxed elementor-section-height-default elementor-section-height-default\" data-id=\"28645c6\" data-element_type=\"section\">\n\t\t\t\t\t\t<div class=\"elementor-container elementor-column-gap-default\">\n\t\t\t\t\t<div class=\"elementor-column elementor-col-100 elementor-top-column elementor-element elementor-element-ecca70b\" data-id=\"ecca70b\" data-element_type=\"column\">\n\t\t\t<div class=\"elementor-widget-wrap elementor-element-populated\">\n\t\t\t\t\t\t<div class=\"elementor-element elementor-element-7a36a97 elementor-widget elementor-widget-image\" data-id=\"7a36a97\" data-element_type=\"widget\" data-widget_type=\"image.default\">\n\t\t\t\t<div class=\"elementor-widget-container\">\n\t\t\t\t\t\t\t\t\t\t\t\t\t\t\t<img fetchpriority=\"high\" decoding=\"async\" width=\"800\" height=\"527\" src=\"https:\/\/gestoresdelatransformacion.com\/V01\/wp-content\/uploads\/2021\/06\/sta-teresa_blog.jpeg\" class=\"attachment-large size-large wp-image-6146\" alt=\"\" srcset=\"https:\/\/gestoresdelatransformacion.com\/V01\/wp-content\/uploads\/2021\/06\/sta-teresa_blog.jpeg 850w, https:\/\/gestoresdelatransformacion.com\/V01\/wp-content\/uploads\/2021\/06\/sta-teresa_blog-300x198.jpeg 300w, https:\/\/gestoresdelatransformacion.com\/V01\/wp-content\/uploads\/2021\/06\/sta-teresa_blog-768x506.jpeg 768w\" sizes=\"(max-width: 800px) 100vw, 800px\" \/>\t\t\t\t\t\t\t\t\t\t\t\t\t\t\t<\/div>\n\t\t\t\t<\/div>\n\t\t\t\t\t<\/div>\n\t\t<\/div>\n\t\t\t\t\t<\/div>\n\t\t<\/section>\n\t\t\t\t<section class=\"elementor-section elementor-top-section elementor-element elementor-element-14d141bf elementor-section-boxed elementor-section-height-default elementor-section-height-default\" data-id=\"14d141bf\" data-element_type=\"section\">\n\t\t\t\t\t\t<div class=\"elementor-container elementor-column-gap-default\">\n\t\t\t\t\t<div class=\"elementor-column elementor-col-100 elementor-top-column elementor-element elementor-element-57b20f93\" data-id=\"57b20f93\" data-element_type=\"column\">\n\t\t\t<div class=\"elementor-widget-wrap elementor-element-populated\">\n\t\t\t\t\t\t<div class=\"elementor-element elementor-element-76a993c2 elementor-widget elementor-widget-text-editor\" data-id=\"76a993c2\" data-element_type=\"widget\" data-widget_type=\"text-editor.default\">\n\t\t\t\t<div class=\"elementor-widget-container\">\n\t\t\t\t\t\t\t\t\t<p><i><span style=\"font-weight: 400;\">Emprende un camino de valores, potencializa tus talentos y da forma a tus sue\u00f1os<\/span><\/i><br>\n<span style=\"font-weight: 400;\">En la preparatoria vivir\u00e1s grandes experiencias y encontrar\u00e1s amistades valiosas que marcar\u00e1n de forma positiva tu futuro. Queremos invitarte a un espacio de excelencia acad\u00e9mica y con un fuerte perfil humanista, en el que podr\u00e1s desarrollar todas tus capacidades, encontrar nuevos talentos y forjar bases s\u00f3lidas para influir de forma positiva en la sociedad.<\/span><\/p><p><span style=\"font-weight: 400;\">La pandemia ha generado que las formas en las que interactuamos se modifiquen, por ello, hemos realizado los ajustes necesarios para seguir ofreciendo la educaci\u00f3n de calidad que&nbsp; nos caracteriza y encontrando mecanismos que te permitan tener una experiencia plena durante tu estancia en la preparatoria. Nuestro modelo actual permite a los alumnos estar en comunicaci\u00f3n directa, desde su hogar, con compa\u00f1eros y profesores; adem\u00e1s de estar trabajando para, si las condiciones sanitarias lo permiten, recibirte con los brazos abiertos en nuestras instalaciones.<\/span><\/p><p><span style=\"font-weight: 400;\">Como puedes ver estamos en adaptaci\u00f3n constante para estar m\u00e1s cerca de ti y para contar con las herramientas y programas m\u00e1s adecuados que den respuesta a todas las dimensiones de formaci\u00f3n (intelectual, profesional, cultural, f\u00edsica y espiritual). Puedes estar seguro que te acompa\u00f1aremos en cada paso que des y, basados en una educaci\u00f3n en valores, lograr\u00e1s adquirir los conocimientos que requieres y formarte de manera integral para los retos futuros.<\/span><\/p><p><span style=\"font-weight: 400;\">Iniciar este nuevo camino es muy sencillo, solo debes llenar una solicitud para el examen de admisi\u00f3n, realizar el pago correspondiente y&nbsp; enviar algunos documentos escaneados (copia de calificaciones de secundaria, acta de nacimiento y dos fotograf\u00edas tama\u00f1o infantil). El tr\u00e1mite de inscripci\u00f3n a ex\u00e1menes de admisi\u00f3n, as\u00ed como la aplicaci\u00f3n del mismo se llevar\u00e1 a cabo en l\u00ednea. Una vez hayas realizado satisfactoriamente tu examen, deber\u00e1s ingresar al portal de pagos, hacer el pago correspondiente y posteriormente, iniciar el tr\u00e1mite acad\u00e9mico de entrega de documentos.&nbsp;<\/span><\/p><p><span style=\"font-weight: 400;\">Si necesitas m\u00e1s informaci\u00f3n sobre tr\u00e1mites, requisitos, proceso de inscripci\u00f3n, becas, programas y actividades, te invitamos a <\/span><a href=\"https:\/\/bit.ly\/3fPCJiF\"><b>registrarte<\/b><\/a><span style=\"font-weight: 400;\"> para recibir toda la informaci\u00f3n que necesitas y, en su caso, entrar en contacto con un asesor que facilite tu proceso.&nbsp;<\/span><\/p><p><span style=\"font-weight: 400;\">Vive la experiencia lasallista, busca nuevos horizontes y descubre todo de lo que eres capaz.<\/span><\/p>\t\t\t\t\t\t\t\t<\/div>\n\t\t\t\t<\/div>\n\t\t\t\t\t<\/div>\n\t\t<\/div>\n\t\t\t\t\t<\/div>\n\t\t<\/section>\n\t\t\t\t<\/div>\n\t\t","protected":false},"excerpt":{"rendered":"<p>Emprende un camino de valores, potencializa tus talentos y da forma a tus sue\u00f1os En la preparatoria vivir\u00e1s grandes experiencias y encontrar\u00e1s amistades valiosas que marcar\u00e1n de forma positiva tu futuro. Queremos invitarte a un espacio de excelencia acad\u00e9mica y con un fuerte perfil humanista, en el que podr\u00e1s desarrollar todas tus capacidades, encontrar nuevos [&hellip;]<\/p>\n","protected":false},"author":4,"featured_media":6146,"comment_status":"closed","ping_status":"open","sticky":false,"template":"","format":"standard","meta":{"om_disable_all_campaigns":false,"footnotes":""},"categories":[64],"tags":[57,83,84,42,137,65],"class_list":["post-5864","post","type-post","status-publish","format-standard","has-post-thumbnail","hentry","category-preparatoria","tag-yosoylasalle","tag-futuros-posibles","tag-grandes-ideas","tag-la-salle","tag-prepa-la-salle","tag-preparatoria"],"aioseo_notices":[],"_links":{"self":[{"href":"https:\/\/gestoresdelatransformacion.com\/V01\/wp-json\/wp\/v2\/posts\/5864","targetHints":{"allow":["GET"]}}],"collection":[{"href":"https:\/\/gestoresdelatransformacion.com\/V01\/wp-json\/wp\/v2\/posts"}],"about":[{"href":"https:\/\/gestoresdelatransformacion.com\/V01\/wp-json\/wp\/v2\/types\/post"}],"author":[{"embeddable":true,"href":"https:\/\/gestoresdelatransformacion.com\/V01\/wp-json\/wp\/v2\/users\/4"}],"replies":[{"embeddable":true,"href":"https:\/\/gestoresdelatransformacion.com\/V01\/wp-json\/wp\/v2\/comments?post=5864"}],"version-history":[{"count":3,"href":"https:\/\/gestoresdelatransformacion.com\/V01\/wp-json\/wp\/v2\/posts\/5864\/revisions"}],"predecessor-version":[{"id":6149,"href":"https:\/\/gestoresdelatransformacion.com\/V01\/wp-json\/wp\/v2\/posts\/5864\/revisions\/6149"}],"wp:featuredmedia":[{"embeddable":true,"href":"https:\/\/gestoresdelatransformacion.com\/V01\/wp-json\/wp\/v2\/media\/6146"}],"wp:attachment":[{"href":"https:\/\/gestoresdelatransformacion.com\/V01\/wp-json\/wp\/v2\/media?parent=5864"}],"wp:term":[{"taxonomy":"category","embeddable":true,"href":"https:\/\/gestoresdelatransformacion.com\/V01\/wp-json\/wp\/v2\/categories?post=5864"},{"taxonomy":"post_tag","embeddable":true,"href":"https:\/\/gestoresdelatransformacion.com\/V01\/wp-json\/wp\/v2\/tags?post=5864"}],"curies":[{"name":"wp","href":"https:\/\/api.w.org\/{rel}","templated":true}]}}